{"id":244,"count":2,"description":"Dreven\u00e1 f\u013ea\u0161a vn\u00fatro tvor\u00ed sklenen\u00e1 f\u013ea\u0161a, a ich exteri\u00e9r je charakterizovan\u00fd prvotriednym povrchov\u00fdm spracovan\u00edm. Na\u0161e cejniki s\u00fa zdoben\u00e9 laserov\u00fdm grav\u00edrovan\u00edm alebo strojov\u00fdm vyrez\u00e1van\u00edm na najmodernej\u0161\u00edch CNC strojoch. Pod\u013ea predst\u00e1v z\u00e1kazn\u00edkov je mo\u017en\u00e9 prida\u0165 \u010fal\u0161ie detaily, ktor\u00e9 by cejnikom dodali jedine\u010dn\u00fd vzh\u013ead. Objem cejn\u00edc je 0,7 litra.\r\n\r\nPre\u010do vybra\u0165 pr\u00e1ve n\u00e1\u0161 cejnik? Okrem dokonal\u00e9ho spracovania a origin\u00e1lneho dizajnu, na\u0161e cejniki s\u00fa aj praktick\u00e9 a odoln\u00e9. Drevo zabezpe\u010duje prirodzen\u00fa izol\u00e1ciu, udr\u017eiavaj\u00fac obsah cejn\u00edc chladn\u00fdm alebo tepl\u00fdm po dlh\u00fa dobu. Sklenen\u00e1 f\u013ea\u0161a v interi\u00e9ri zabezpe\u010duje \u010distotu a zachov\u00e1va chu\u0165 v\u00e1\u0161ho ob\u013e\u00faben\u00e9ho n\u00e1poja.\r\n\r\nNa\u0161i remeselnici s\u00fa v\u00e1\u0161niv\u00ed odborn\u00edci so \u0161irok\u00fdm vedom\u00edm o materi\u00e1loch a ich spracovan\u00ed. Ka\u017ed\u00fd cejnik je v\u00fdsledkom starostliv\u00e9ho ru\u010dn\u00e9ho spracovania, kde je ka\u017ed\u00fd detail d\u00f4kladne premyslen\u00fd. Laserov\u00e9 grav\u00edrovanie a ma\u0161inov\u00fd duborez prid\u00e1vaj\u00fa cejnikom unik\u00e1tny charakter.\r\n\r\nPri v\u00fdrobe db\u00e1me na ka\u017ed\u00fd krok procesu. Vyu\u017e\u00edvame len najkvalitnej\u0161ie materi\u00e1ly, aby sme zabezpe\u010dili, \u017ee na\u0161e cejniki s\u00fa nielen \u0161t\u00fdlov\u00e9, ale aj odoln\u00e9. Na\u0161a v\u00e1\u0161e\u0148 pre detail a kvalitu je vidie\u0165 v ka\u017edom v\u00fdrobku, ktor\u00fd op\u00fa\u0161\u0165a na\u0161u diel\u0148u.\r\n\r\nNa\u0161e cejniki nie s\u00fa len n\u00e1pojov\u00fdm pr\u00edslu\u0161enstvom, s\u00fa to aj umeleck\u00e9 diela, ktor\u00e9 m\u00f4\u017eete nosi\u0165 so sebou a p\u00fd\u0161i\u0165 sa nimi. Ka\u017ed\u00fd cejnik je jedine\u010dn\u00fd, rovnako ako vy. Doprajte si v\u00fdnimo\u010dn\u00fd z\u00e1\u017eitok pri ka\u017edom pit\u00ed a nechajte sa o\u010dari\u0165 \u0161armom n\u00e1\u0161ho ru\u010dne vyr\u00e1ban\u00e9ho cejn\u00edka.\r\n\r\nVytv\u00e1rame nielen cejniki, ale aj spomienky. Objednajte si teraz svoj vlastn\u00fd cejnik s exkluz\u00edvnym designom a kvalitn\u00fdm spracovan\u00edm. Objednajte e\u0161te dnes a za\u017eite jedine\u010dn\u00fd pocit pri pit\u00ed ob\u013e\u00faben\u00e9ho n\u00e1poja. Na\u0161a ponuka je skvel\u00e1 pre milovn\u00edkov kvality a \u0161t\u00fdlu. Nechajte sa o\u010dari\u0165 kr\u00e1sou a jedine\u010dnos\u0165ou na\u0161ich cejn\u00edkov.\r\n","link":"https:\/\/www.kolibica.com\/sk\/product-category\/drevena-obal\/drevena-flasa\/","name":"Dreven\u00e1 f\u013ea\u0161a","slug":"drevena-flasa","taxonomy":"product_cat","parent":250,"meta":[],"menu_order":0,"_links":{"self":[{"href":"https:\/\/www.kolibica.com\/sk\/wp-json\/wp\/v2\/product_cat\/244","targetHints":{"allow":["GET"]}}],"collection":[{"href":"https:\/\/www.kolibica.com\/sk\/wp-json\/wp\/v2\/product_cat"}],"about":[{"href":"https:\/\/www.kolibica.com\/sk\/wp-json\/wp\/v2\/taxonomies\/product_cat"}],"up":[{"embeddable":true,"href":"https:\/\/www.kolibica.com\/sk\/wp-json\/wp\/v2\/product_cat\/250"}],"wp:post_type":[{"href":"https:\/\/www.kolibica.com\/sk\/wp-json\/wp\/v2\/product?product_cat=244"}],"curies":[{"name":"wp","href":"https:\/\/api.w.org\/{rel}","templated":true}]}}